{"id":2829,"date":"2021-03-31T11:36:00","date_gmt":"2021-03-31T09:36:00","guid":{"rendered":"https:\/\/insta.bananierbleu.fr\/?p=2829"},"modified":"2025-11-21T21:06:23","modified_gmt":"2025-11-21T20:06:23","slug":"me-ne-ngon-oyap-les-veterans-1983","status":"publish","type":"post","link":"https:\/\/afrocaribbeanbeats.com\/en\/me-ne-ngon-oyap-les-veterans-1983\/","title":{"rendered":"Me Ne Ngon Oyap &#8211; Les V\u00e9t\u00e9rans, 1983"},"content":{"rendered":"<p>En 1983, <strong><em>Jean-Marie Ahanda<\/em><\/strong>, futur leader des fameuses T\u00eates Br\u00fbl\u00e9es, dirige <strong>les V\u00e9t\u00e9rans<\/strong> Du Cameroun. <strong>Me Ne Ngon Oyap<\/strong> est leur premier album, qui m\u00eale bikutsi et soukous dans un cocktail aussi inattendu que r\u00e9ussi ! Le titre Kulu (La Tortue) atteint des sommets et l&rsquo;album sera consacr\u00e9 disque d&rsquo;or au Cameroun.<\/p>\n\n\n\n<p>Un mot aussi sur le label <strong><em>Ebobolo Fia<\/em><\/strong> \u00e9videmment illustr\u00e9 par le c\u00e9l\u00e8bre b\u00e2ton de manioc enroul\u00e9 dans une feuille de bananier et dont il porte le nom, accompagn\u00e9 de son ins\u00e9parable avocat. Le label est fond\u00e9 \u00e0 Yaound\u00e9 par <strong><em>Claude Tchemeni<\/em><\/strong>, et sur les conseils de Jean-Marie Ahanda. Il se sp\u00e9cialise dans les musiques plus traditionnelles, fait la part belle au bikutsi avec des artistes comme donc les V\u00e9t\u00e9rans, mais aussi Ange Ebogo Emerent, Anne-Marie Nzi\u00e9, Ohandja Etranger, Mbarga Soukouss ou encore <a href=\"https:\/\/afrocaribbeanbeats.com\/en\/ou-va-lafrique-ottou-marcellin-1984\/\">Ottou Marcellin<\/a>. Plus \u00e0 l&rsquo;ouest, il publie U Nguo Ya, unique opus du griot de Foumban, Claude Ndam, que j&rsquo;ai rencontr\u00e9 quelques fois.<\/p>","protected":false},"excerpt":{"rendered":"<p>En 1983, Jean-Marie Ahanda, futur leader des fameuses T\u00eates Br\u00fbl\u00e9es, dirige les V\u00e9t\u00e9rans Du Cameroun. Me Ne Ngon Oyap est leur premier album, qui m\u00eale bikutsi et soukous dans un cocktail aussi inattendu que r\u00e9ussi ! Le titre Kulu (La Tortue) atteint des sommets et l&rsquo;album sera consacr\u00e9 disque d&rsquo;or au Cameroun. Un mot aussi [&hellip;]<\/p>\n","protected":false},"author":1,"featured_media":2830,"comment_status":"open","ping_status":"open","sticky":false,"template":"","format":"standard","meta":{"_acf_changed":false,"_uag_custom_page_level_css":"","site-sidebar-layout":"default","site-content-layout":"","ast-site-content-layout":"default","site-content-style":"default","site-sidebar-style":"default","ast-global-header-display":"","ast-banner-title-visibility":"","ast-main-header-display":"","ast-hfb-above-header-display":"","ast-hfb-below-header-display":"","ast-hfb-mobile-header-display":"","site-post-title":"","ast-breadcrumbs-content":"","ast-featured-img":"","footer-sml-layout":"","ast-disable-related-posts":"","theme-transparent-header-meta":"","adv-header-id-meta":"","stick-header-meta":"","header-above-stick-meta":"","header-main-stick-meta":"","header-below-stick-meta":"","astra-migrate-meta-layouts":"set","ast-page-background-enabled":"default","ast-page-background-meta":{"desktop":{"background-color":"var(--ast-global-color-4)","background-image":"","background-repeat":"repeat","background-position":"center center","background-size":"auto","background-attachment":"scroll","background-type":"","background-media":"","overlay-type":"","overlay-color":"","overlay-opacity":"","overlay-gradient":""},"tablet":{"background-color":"","background-image":"","background-repeat":"repeat","background-position":"center center","background-size":"auto","background-attachment":"scroll","background-type":"","background-media":"","overlay-type":"","overlay-color":"","overlay-opacity":"","overlay-gradient":""},"mobile":{"background-color":"","background-image":"","background-repeat":"repeat","background-position":"center center","background-size":"auto","background-attachment":"scroll","background-type":"","background-media":"","overlay-type":"","overlay-color":"","overlay-opacity":"","overlay-gradient":""}},"ast-content-background-meta":{"desktop":{"background-color":"var(--ast-global-color-5)","background-image":"","background-repeat":"repeat","background-position":"center center","background-size":"auto","background-attachment":"scroll","background-type":"","background-media":"","overlay-type":"","overlay-color":"","overlay-opacity":"","overlay-gradient":""},"tablet":{"background-color":"var(--ast-global-color-5)","background-image":"","background-repeat":"repeat","background-position":"center center","background-size":"auto","background-attachment":"scroll","background-type":"","background-media":"","overlay-type":"","overlay-color":"","overlay-opacity":"","overlay-gradient":""},"mobile":{"background-color":"var(--ast-global-color-5)","background-image":"","background-repeat":"repeat","background-position":"center center","background-size":"auto","background-attachment":"scroll","background-type":"","background-media":"","overlay-type":"","overlay-color":"","overlay-opacity":"","overlay-gradient":""}},"footnotes":""},"categories":[1171,913,1156],"tags":[2250,1888,1879,2115],"annee":[227],"pays":[131,55],"musicien":[3915,3912,2785,3916,3917,3913,3911,3910,3914],"genre":[3744,3729],"class_list":["post-2829","post","type-post","status-publish","format-standard","has-post-thumbnail","hentry","category-33rpm","category-disque","category-vinyl","tag-ebobolo-fia-production","tag-les-tetes-brulees","tag-les-veterans","tag-studio-johanna","annee-227","pays-afrique","pays-cameroun","musicien-angou-philippe","musicien-angoue-joseph","musicien-jean-marie-ahanda","musicien-mengue-alexandre","musicien-meyong-ambroise","musicien-onana-zacharie","musicien-ondoua-martin","musicien-piglla-zache","musicien-rene-cosmos-ahanda","genre-bikutsi","genre-soukous"],"acf":[],"uagb_featured_image_src":{"full":["https:\/\/afrocaribbeanbeats.com\/wp-content\/uploads\/2023\/08\/Veterans_Les-Me_Ne_Ngon_Oyap-02.jpg",2000,2000,false],"thumbnail":["https:\/\/afrocaribbeanbeats.com\/wp-content\/uploads\/2023\/08\/Veterans_Les-Me_Ne_Ngon_Oyap-02-150x150.jpg",150,150,true],"medium":["https:\/\/afrocaribbeanbeats.com\/wp-content\/uploads\/2023\/08\/Veterans_Les-Me_Ne_Ngon_Oyap-02-300x300.jpg",300,300,true],"medium_large":["https:\/\/afrocaribbeanbeats.com\/wp-content\/uploads\/2023\/08\/Veterans_Les-Me_Ne_Ngon_Oyap-02-768x768.jpg",768,768,true],"large":["https:\/\/afrocaribbeanbeats.com\/wp-content\/uploads\/2023\/08\/Veterans_Les-Me_Ne_Ngon_Oyap-02-1024x1024.jpg",1024,1024,true],"1536x1536":["https:\/\/afrocaribbeanbeats.com\/wp-content\/uploads\/2023\/08\/Veterans_Les-Me_Ne_Ngon_Oyap-02-1536x1536.jpg",1536,1536,true],"2048x2048":["https:\/\/afrocaribbeanbeats.com\/wp-content\/uploads\/2023\/08\/Veterans_Les-Me_Ne_Ngon_Oyap-02.jpg",2000,2000,false],"trp-custom-language-flag":["https:\/\/afrocaribbeanbeats.com\/wp-content\/uploads\/2023\/08\/Veterans_Les-Me_Ne_Ngon_Oyap-02-12x12.jpg",12,12,true],"yarpp-thumbnail":["https:\/\/afrocaribbeanbeats.com\/wp-content\/uploads\/2023\/08\/Veterans_Les-Me_Ne_Ngon_Oyap-02-120x120.jpg",120,120,true]},"uagb_author_info":{"display_name":"le Bananier bleu","author_link":"https:\/\/afrocaribbeanbeats.com\/en\/author\/christophe971_dmw217xi\/"},"uagb_comment_info":0,"uagb_excerpt":"En 1983, Jean-Marie Ahanda, futur leader des fameuses T\u00eates Br\u00fbl\u00e9es, dirige les V\u00e9t\u00e9rans Du Cameroun. Me Ne Ngon Oyap est leur premier album, qui m\u00eale bikutsi et soukous dans un cocktail aussi inattendu que r\u00e9ussi ! Le titre Kulu (La Tortue) atteint des sommets et l&rsquo;album sera consacr\u00e9 disque d&rsquo;or au Cameroun. Un mot aussi&hellip;","_links":{"self":[{"href":"https:\/\/afrocaribbeanbeats.com\/en\/wp-json\/wp\/v2\/posts\/2829","targetHints":{"allow":["GET"]}}],"collection":[{"href":"https:\/\/afrocaribbeanbeats.com\/en\/wp-json\/wp\/v2\/posts"}],"about":[{"href":"https:\/\/afrocaribbeanbeats.com\/en\/wp-json\/wp\/v2\/types\/post"}],"author":[{"embeddable":true,"href":"https:\/\/afrocaribbeanbeats.com\/en\/wp-json\/wp\/v2\/users\/1"}],"replies":[{"embeddable":true,"href":"https:\/\/afrocaribbeanbeats.com\/en\/wp-json\/wp\/v2\/comments?post=2829"}],"version-history":[{"count":18,"href":"https:\/\/afrocaribbeanbeats.com\/en\/wp-json\/wp\/v2\/posts\/2829\/revisions"}],"predecessor-version":[{"id":8464,"href":"https:\/\/afrocaribbeanbeats.com\/en\/wp-json\/wp\/v2\/posts\/2829\/revisions\/8464"}],"wp:featuredmedia":[{"embeddable":true,"href":"https:\/\/afrocaribbeanbeats.com\/en\/wp-json\/wp\/v2\/media\/2830"}],"wp:attachment":[{"href":"https:\/\/afrocaribbeanbeats.com\/en\/wp-json\/wp\/v2\/media?parent=2829"}],"wp:term":[{"taxonomy":"category","embeddable":true,"href":"https:\/\/afrocaribbeanbeats.com\/en\/wp-json\/wp\/v2\/categories?post=2829"},{"taxonomy":"post_tag","embeddable":true,"href":"https:\/\/afrocaribbeanbeats.com\/en\/wp-json\/wp\/v2\/tags?post=2829"},{"taxonomy":"annee","embeddable":true,"href":"https:\/\/afrocaribbeanbeats.com\/en\/wp-json\/wp\/v2\/annee?post=2829"},{"taxonomy":"pays","embeddable":true,"href":"https:\/\/afrocaribbeanbeats.com\/en\/wp-json\/wp\/v2\/pays?post=2829"},{"taxonomy":"musicien","embeddable":true,"href":"https:\/\/afrocaribbeanbeats.com\/en\/wp-json\/wp\/v2\/musicien?post=2829"},{"taxonomy":"genre","embeddable":true,"href":"https:\/\/afrocaribbeanbeats.com\/en\/wp-json\/wp\/v2\/genre?post=2829"}],"curies":[{"name":"wp","href":"https:\/\/api.w.org\/{rel}","templated":true}]}}