{"id":2729,"date":"2021-05-03T12:26:00","date_gmt":"2021-05-03T10:26:00","guid":{"rendered":"https:\/\/insta.bananierbleu.fr\/?p=2729"},"modified":"2026-01-10T18:38:37","modified_gmt":"2026-01-10T17:38:37","slug":"au-japon-zaiko-langa-langa-1986","status":"publish","type":"post","link":"https:\/\/afrocaribbeanbeats.com\/en\/au-japon-zaiko-langa-langa-1986\/","title":{"rendered":"Au Japon &#8211; Za\u00efko Langa Langa, 1986"},"content":{"rendered":"<p>\ud83c\udde8\ud83c\udde9 \ud83c\udfb8 \ud83c\udfa4 \ud83c\udf0f \ud83d\udd25 En 1986, alors au fa\u00eete de la gloire, <strong>Za\u00efko Langa Langa<\/strong>, est invit\u00e9 \u00e0 se produire au Japon. Le groupe suit de pr\u00e8s les traces de Papa Wemba, venu plus t\u00f4t la m\u00eame ann\u00e9e. Za\u00efko se produit \u00e0 Tokyo, Osaka et Sapporo, sur des sc\u00e8nes prestigieuses et re\u00e7oit un accueil chaleureux. De retour au Congo, l\u2019id\u00e9e est de capitaliser sur ce succ\u00e8s en sortant un album de medleys reprenant un m\u00e9lange d\u2019anciens succ\u00e8s et de titres plus r\u00e9cents, tout en conservant l\u2019\u00e9nergie du live. L&rsquo;album <strong>Nippon Banzai <\/strong>sort en fin d\u2019ann\u00e9e. Deux fois 18 minutes non-stop qui mettent le feu sous un d\u00e9luge de soukous et rumba, entretenu par les inoubliables jingles au synth\u00e9, qui sont rest\u00e9s dans les m\u00e9moires. On y retrouve entre autres <em>Sandra Lina<\/em>, l&rsquo;un des succ\u00e8s de Bimi Ombale, <em>Sentiment Awa <\/em>ou encore <em>Muvaro<\/em>, pour ce qui reste tr\u00e8s certainement l&rsquo;un des albums les plus connus du groupe. Nippon Banzai leur ouvrira m\u00eame les portes de TF1 pour l\u2019une des toutes premi\u00e8res performances d\u2019un orchestre congolais \u00e0 la t\u00e9l\u00e9vision fran\u00e7aise.<\/p>","protected":false},"excerpt":{"rendered":"<p>\ud83c\udde8\ud83c\udde9 \ud83c\udfb8 \ud83c\udfa4 \ud83c\udf0f \ud83d\udd25 En 1986, alors au fa\u00eete de la gloire, Za\u00efko Langa Langa, est invit\u00e9 \u00e0 se produire au Japon. Le groupe suit de pr\u00e8s les traces de Papa Wemba, venu plus t\u00f4t la m\u00eame ann\u00e9e. Za\u00efko se produit \u00e0 Tokyo, Osaka et Sapporo, sur des sc\u00e8nes prestigieuses et re\u00e7oit un accueil [&hellip;]<\/p>\n","protected":false},"author":1,"featured_media":2730,"comment_status":"open","ping_status":"open","sticky":false,"template":"","format":"standard","meta":{"_acf_changed":false,"_uag_custom_page_level_css":"","site-sidebar-layout":"default","site-content-layout":"","ast-site-content-layout":"default","site-content-style":"default","site-sidebar-style":"default","ast-global-header-display":"","ast-banner-title-visibility":"","ast-main-header-display":"","ast-hfb-above-header-display":"","ast-hfb-below-header-display":"","ast-hfb-mobile-header-display":"","site-post-title":"","ast-breadcrumbs-content":"","ast-featured-img":"","footer-sml-layout":"","ast-disable-related-posts":"","theme-transparent-header-meta":"","adv-header-id-meta":"","stick-header-meta":"","header-above-stick-meta":"","header-main-stick-meta":"","header-below-stick-meta":"","astra-migrate-meta-layouts":"set","ast-page-background-enabled":"default","ast-page-background-meta":{"desktop":{"background-color":"var(--ast-global-color-4)","background-image":"","background-repeat":"repeat","background-position":"center center","background-size":"auto","background-attachment":"scroll","background-type":"","background-media":"","overlay-type":"","overlay-color":"","overlay-opacity":"","overlay-gradient":""},"tablet":{"background-color":"","background-image":"","background-repeat":"repeat","background-position":"center center","background-size":"auto","background-attachment":"scroll","background-type":"","background-media":"","overlay-type":"","overlay-color":"","overlay-opacity":"","overlay-gradient":""},"mobile":{"background-color":"","background-image":"","background-repeat":"repeat","background-position":"center center","background-size":"auto","background-attachment":"scroll","background-type":"","background-media":"","overlay-type":"","overlay-color":"","overlay-opacity":"","overlay-gradient":""}},"ast-content-background-meta":{"desktop":{"background-color":"var(--ast-global-color-5)","background-image":"","background-repeat":"repeat","background-position":"center center","background-size":"auto","background-attachment":"scroll","background-type":"","background-media":"","overlay-type":"","overlay-color":"","overlay-opacity":"","overlay-gradient":""},"tablet":{"background-color":"var(--ast-global-color-5)","background-image":"","background-repeat":"repeat","background-position":"center center","background-size":"auto","background-attachment":"scroll","background-type":"","background-media":"","overlay-type":"","overlay-color":"","overlay-opacity":"","overlay-gradient":""},"mobile":{"background-color":"var(--ast-global-color-5)","background-image":"","background-repeat":"repeat","background-position":"center center","background-size":"auto","background-attachment":"scroll","background-type":"","background-media":"","overlay-type":"","overlay-color":"","overlay-opacity":"","overlay-gradient":""}},"footnotes":""},"categories":[1171,913,1156],"tags":[213,1772,1770,2064],"annee":[426],"pays":[131,3842],"musicien":[2518],"genre":[3728,3729],"class_list":["post-2729","post","type-post","status-publish","format-standard","has-post-thumbnail","hentry","category-33rpm","category-disque","category-vinyl","tag-kinshasa","tag-prozal","tag-zaikolangalanga","tag-zaire-2","annee-426","pays-afrique","pays-rep-dem-congo","musicien-bimi-ombale","genre-rumba-congolaise","genre-soukous"],"acf":[],"uagb_featured_image_src":{"full":["https:\/\/afrocaribbeanbeats.com\/wp-content\/uploads\/2023\/08\/Zaiko_Langa_Langa-Nippon_Banzai_Au_Japon-01.jpg",1912,1912,false],"thumbnail":["https:\/\/afrocaribbeanbeats.com\/wp-content\/uploads\/2023\/08\/Zaiko_Langa_Langa-Nippon_Banzai_Au_Japon-01-150x150.jpg",150,150,true],"medium":["https:\/\/afrocaribbeanbeats.com\/wp-content\/uploads\/2023\/08\/Zaiko_Langa_Langa-Nippon_Banzai_Au_Japon-01-300x300.jpg",300,300,true],"medium_large":["https:\/\/afrocaribbeanbeats.com\/wp-content\/uploads\/2023\/08\/Zaiko_Langa_Langa-Nippon_Banzai_Au_Japon-01-768x768.jpg",768,768,true],"large":["https:\/\/afrocaribbeanbeats.com\/wp-content\/uploads\/2023\/08\/Zaiko_Langa_Langa-Nippon_Banzai_Au_Japon-01-1024x1024.jpg",1024,1024,true],"1536x1536":["https:\/\/afrocaribbeanbeats.com\/wp-content\/uploads\/2023\/08\/Zaiko_Langa_Langa-Nippon_Banzai_Au_Japon-01-1536x1536.jpg",1536,1536,true],"2048x2048":["https:\/\/afrocaribbeanbeats.com\/wp-content\/uploads\/2023\/08\/Zaiko_Langa_Langa-Nippon_Banzai_Au_Japon-01.jpg",1912,1912,false],"trp-custom-language-flag":["https:\/\/afrocaribbeanbeats.com\/wp-content\/uploads\/2023\/08\/Zaiko_Langa_Langa-Nippon_Banzai_Au_Japon-01-12x12.jpg",12,12,true],"yarpp-thumbnail":["https:\/\/afrocaribbeanbeats.com\/wp-content\/uploads\/2023\/08\/Zaiko_Langa_Langa-Nippon_Banzai_Au_Japon-01-120x120.jpg",120,120,true]},"uagb_author_info":{"display_name":"le Bananier bleu","author_link":"https:\/\/afrocaribbeanbeats.com\/en\/author\/christophe971_dmw217xi\/"},"uagb_comment_info":0,"uagb_excerpt":"\ud83c\udde8\ud83c\udde9 \ud83c\udfb8 \ud83c\udfa4 \ud83c\udf0f \ud83d\udd25 En 1986, alors au fa\u00eete de la gloire, Za\u00efko Langa Langa, est invit\u00e9 \u00e0 se produire au Japon. Le groupe suit de pr\u00e8s les traces de Papa Wemba, venu plus t\u00f4t la m\u00eame ann\u00e9e. Za\u00efko se produit \u00e0 Tokyo, Osaka et Sapporo, sur des sc\u00e8nes prestigieuses et re\u00e7oit un accueil&hellip;","_links":{"self":[{"href":"https:\/\/afrocaribbeanbeats.com\/en\/wp-json\/wp\/v2\/posts\/2729","targetHints":{"allow":["GET"]}}],"collection":[{"href":"https:\/\/afrocaribbeanbeats.com\/en\/wp-json\/wp\/v2\/posts"}],"about":[{"href":"https:\/\/afrocaribbeanbeats.com\/en\/wp-json\/wp\/v2\/types\/post"}],"author":[{"embeddable":true,"href":"https:\/\/afrocaribbeanbeats.com\/en\/wp-json\/wp\/v2\/users\/1"}],"replies":[{"embeddable":true,"href":"https:\/\/afrocaribbeanbeats.com\/en\/wp-json\/wp\/v2\/comments?post=2729"}],"version-history":[{"count":14,"href":"https:\/\/afrocaribbeanbeats.com\/en\/wp-json\/wp\/v2\/posts\/2729\/revisions"}],"predecessor-version":[{"id":8634,"href":"https:\/\/afrocaribbeanbeats.com\/en\/wp-json\/wp\/v2\/posts\/2729\/revisions\/8634"}],"wp:featuredmedia":[{"embeddable":true,"href":"https:\/\/afrocaribbeanbeats.com\/en\/wp-json\/wp\/v2\/media\/2730"}],"wp:attachment":[{"href":"https:\/\/afrocaribbeanbeats.com\/en\/wp-json\/wp\/v2\/media?parent=2729"}],"wp:term":[{"taxonomy":"category","embeddable":true,"href":"https:\/\/afrocaribbeanbeats.com\/en\/wp-json\/wp\/v2\/categories?post=2729"},{"taxonomy":"post_tag","embeddable":true,"href":"https:\/\/afrocaribbeanbeats.com\/en\/wp-json\/wp\/v2\/tags?post=2729"},{"taxonomy":"annee","embeddable":true,"href":"https:\/\/afrocaribbeanbeats.com\/en\/wp-json\/wp\/v2\/annee?post=2729"},{"taxonomy":"pays","embeddable":true,"href":"https:\/\/afrocaribbeanbeats.com\/en\/wp-json\/wp\/v2\/pays?post=2729"},{"taxonomy":"musicien","embeddable":true,"href":"https:\/\/afrocaribbeanbeats.com\/en\/wp-json\/wp\/v2\/musicien?post=2729"},{"taxonomy":"genre","embeddable":true,"href":"https:\/\/afrocaribbeanbeats.com\/en\/wp-json\/wp\/v2\/genre?post=2729"}],"curies":[{"name":"wp","href":"https:\/\/api.w.org\/{rel}","templated":true}]}}