{"id":243,"date":"2021-02-22T15:42:00","date_gmt":"2021-02-22T15:42:00","guid":{"rendered":"https:\/\/insta.bananierbleu.fr\/?p=243"},"modified":"2024-11-14T10:52:43","modified_gmt":"2024-11-14T09:52:43","slug":"soro-salif-keita-1987","status":"publish","type":"post","link":"https:\/\/afrocaribbeanbeats.com\/en\/soro-salif-keita-1987\/","title":{"rendered":"Soro &#8211; Salif Keita, 1987"},"content":{"rendered":"<p>\ud83c\udfb6 \ud83c\udf0d\ud83c\udfa4\ud83e\udd41\ud83c\udfb9 J\u2019ai d\u00e9couvert <strong>Soro<\/strong> \u00e0 peu pr\u00e8s \u00e0 sa sortie, en 1987 ou 1988, alors que je vivais \u00e0 Brazzaville. Autant dire que le paysage musical qui m\u2019entourait, sous overdose de rumba et de kwasa kwasa, n\u2019avait pas grand-chose \u00e0 voir avec l\u2019afro-pop mandingue de <strong>Salif Keita<\/strong>. D\u2019o\u00f9 l\u2019ahurissement que m\u2019a procur\u00e9 cet album \u00e0 l\u2019\u00e9poque. Mais en fait, pour son premier disque solo sous son nom, Salif Keita, \u00e9paul\u00e9 par le label Syllart, venait surtout de frapper l\u2019un des plus grands coups de la naissance de cette d\u00e9ferlante irr\u00e9sistible de la si mal nomm\u00e9e \u00ab\u00a0world music\u00a0\u00bb. Un m\u00e9lange explosif entre les arrangements de Jean-Philippe Rykiel, et le support d\u2019une pl\u00e9iade de talents afro-carib\u00e9ens de tous bords\u00a0: Brice Wassy, Yves Ndjock, Douglas Mbida, Michel Alibo, Georges Seba, Nayanka Bell, Ibrahima Ba, Cheick Tidiane Seck, Udoh Essieh\u2026 Et j\u2019en passe. Bref, Soro est et reste une pierre angulaire de la musique africaine, de la naissante sono mondiale, et le point de d\u00e9part de la carri\u00e8re internationale de Keita, toujours actif aujourd\u2019hui.<\/p>","protected":false},"excerpt":{"rendered":"<p>\ud83c\udfb6 \ud83c\udf0d\ud83c\udfa4\ud83e\udd41\ud83c\udfb9 J\u2019ai d\u00e9couvert Soro \u00e0 peu pr\u00e8s \u00e0 sa sortie, en 1987 ou 1988, alors que je vivais \u00e0 Brazzaville. Autant dire que le paysage musical qui m\u2019entourait, sous overdose de rumba et de kwasa kwasa, n\u2019avait pas grand-chose \u00e0 voir avec l\u2019afro-pop mandingue de Salif Keita. D\u2019o\u00f9 l\u2019ahurissement que m\u2019a procur\u00e9 cet album [&hellip;]<\/p>\n","protected":false},"author":1,"featured_media":244,"comment_status":"open","ping_status":"open","sticky":false,"template":"","format":"standard","meta":{"_acf_changed":false,"_uag_custom_page_level_css":"","site-sidebar-layout":"default","site-content-layout":"","ast-site-content-layout":"default","site-content-style":"default","site-sidebar-style":"default","ast-global-header-display":"","ast-banner-title-visibility":"","ast-main-header-display":"","ast-hfb-above-header-display":"","ast-hfb-below-header-display":"","ast-hfb-mobile-header-display":"","site-post-title":"","ast-breadcrumbs-content":"","ast-featured-img":"","footer-sml-layout":"","ast-disable-related-posts":"","theme-transparent-header-meta":"","adv-header-id-meta":"","stick-header-meta":"","header-above-stick-meta":"","header-main-stick-meta":"","header-below-stick-meta":"","astra-migrate-meta-layouts":"set","ast-page-background-enabled":"default","ast-page-background-meta":{"desktop":{"background-color":"var(--ast-global-color-4)","background-image":"","background-repeat":"repeat","background-position":"center center","background-size":"auto","background-attachment":"scroll","background-type":"","background-media":"","overlay-type":"","overlay-color":"","overlay-opacity":"","overlay-gradient":""},"tablet":{"background-color":"","background-image":"","background-repeat":"repeat","background-position":"center center","background-size":"auto","background-attachment":"scroll","background-type":"","background-media":"","overlay-type":"","overlay-color":"","overlay-opacity":"","overlay-gradient":""},"mobile":{"background-color":"","background-image":"","background-repeat":"repeat","background-position":"center center","background-size":"auto","background-attachment":"scroll","background-type":"","background-media":"","overlay-type":"","overlay-color":"","overlay-opacity":"","overlay-gradient":""}},"ast-content-background-meta":{"desktop":{"background-color":"var(--ast-global-color-5)","background-image":"","background-repeat":"repeat","background-position":"center center","background-size":"auto","background-attachment":"scroll","background-type":"","background-media":"","overlay-type":"","overlay-color":"","overlay-opacity":"","overlay-gradient":""},"tablet":{"background-color":"var(--ast-global-color-5)","background-image":"","background-repeat":"repeat","background-position":"center center","background-size":"auto","background-attachment":"scroll","background-type":"","background-media":"","overlay-type":"","overlay-color":"","overlay-opacity":"","overlay-gradient":""},"mobile":{"background-color":"var(--ast-global-color-5)","background-image":"","background-repeat":"repeat","background-position":"center center","background-size":"auto","background-attachment":"scroll","background-type":"","background-media":"","overlay-type":"","overlay-color":"","overlay-opacity":"","overlay-gradient":""}},"footnotes":""},"categories":[1171,913,1156],"tags":[4614,4630,2108],"annee":[225],"pays":[131,175],"musicien":[2428,2526,2540,2541,2600,2631,2673,2738,3272,2888,2909,2941,3045,2760],"genre":[3804,3738],"class_list":["post-243","post","type-post","status-publish","format-standard","has-post-thumbnail","hentry","category-33rpm","category-disque","category-vinyl","tag-studio-harry-son","tag-studio-plus-xxx","tag-syllart-productions","annee-225","pays-afrique","pays-mali","musicien-alain-hatot","musicien-brice-wassy","musicien-cheick-tidiane-seck","musicien-chief-udoh-essiet","musicien-douglasmbida","musicien-eric-giausserand","musicien-georgesseba","musicien-jacques-bolognesi","musicien-jean-philippe-rykiel","musicien-marilou-seba","musicien-michelalibo","musicien-nayanka-bell","musicien-salifkeita","musicien-yves-ndjock","genre-afro-funk","genre-mandingue"],"acf":[],"uagb_featured_image_src":{"full":["https:\/\/afrocaribbeanbeats.com\/wp-content\/uploads\/2023\/07\/Keita_Salif-Soro-01.jpg",1080,1080,false],"thumbnail":["https:\/\/afrocaribbeanbeats.com\/wp-content\/uploads\/2023\/07\/Keita_Salif-Soro-01-150x150.jpg",150,150,true],"medium":["https:\/\/afrocaribbeanbeats.com\/wp-content\/uploads\/2023\/07\/Keita_Salif-Soro-01-300x300.jpg",300,300,true],"medium_large":["https:\/\/afrocaribbeanbeats.com\/wp-content\/uploads\/2023\/07\/Keita_Salif-Soro-01-768x768.jpg",768,768,true],"large":["https:\/\/afrocaribbeanbeats.com\/wp-content\/uploads\/2023\/07\/Keita_Salif-Soro-01-1024x1024.jpg",1024,1024,true],"1536x1536":["https:\/\/afrocaribbeanbeats.com\/wp-content\/uploads\/2023\/07\/Keita_Salif-Soro-01.jpg",1080,1080,false],"2048x2048":["https:\/\/afrocaribbeanbeats.com\/wp-content\/uploads\/2023\/07\/Keita_Salif-Soro-01.jpg",1080,1080,false],"trp-custom-language-flag":["https:\/\/afrocaribbeanbeats.com\/wp-content\/uploads\/2023\/07\/Keita_Salif-Soro-01-12x12.jpg",12,12,true],"yarpp-thumbnail":["https:\/\/afrocaribbeanbeats.com\/wp-content\/uploads\/2023\/07\/Keita_Salif-Soro-01-120x120.jpg",120,120,true]},"uagb_author_info":{"display_name":"le Bananier bleu","author_link":"https:\/\/afrocaribbeanbeats.com\/en\/author\/christophe971_dmw217xi\/"},"uagb_comment_info":0,"uagb_excerpt":"\ud83c\udfb6 \ud83c\udf0d\ud83c\udfa4\ud83e\udd41\ud83c\udfb9 J\u2019ai d\u00e9couvert Soro \u00e0 peu pr\u00e8s \u00e0 sa sortie, en 1987 ou 1988, alors que je vivais \u00e0 Brazzaville. Autant dire que le paysage musical qui m\u2019entourait, sous overdose de rumba et de kwasa kwasa, n\u2019avait pas grand-chose \u00e0 voir avec l\u2019afro-pop mandingue de Salif Keita. D\u2019o\u00f9 l\u2019ahurissement que m\u2019a procur\u00e9 cet album&hellip;","_links":{"self":[{"href":"https:\/\/afrocaribbeanbeats.com\/en\/wp-json\/wp\/v2\/posts\/243","targetHints":{"allow":["GET"]}}],"collection":[{"href":"https:\/\/afrocaribbeanbeats.com\/en\/wp-json\/wp\/v2\/posts"}],"about":[{"href":"https:\/\/afrocaribbeanbeats.com\/en\/wp-json\/wp\/v2\/types\/post"}],"author":[{"embeddable":true,"href":"https:\/\/afrocaribbeanbeats.com\/en\/wp-json\/wp\/v2\/users\/1"}],"replies":[{"embeddable":true,"href":"https:\/\/afrocaribbeanbeats.com\/en\/wp-json\/wp\/v2\/comments?post=243"}],"version-history":[{"count":16,"href":"https:\/\/afrocaribbeanbeats.com\/en\/wp-json\/wp\/v2\/posts\/243\/revisions"}],"predecessor-version":[{"id":6305,"href":"https:\/\/afrocaribbeanbeats.com\/en\/wp-json\/wp\/v2\/posts\/243\/revisions\/6305"}],"wp:featuredmedia":[{"embeddable":true,"href":"https:\/\/afrocaribbeanbeats.com\/en\/wp-json\/wp\/v2\/media\/244"}],"wp:attachment":[{"href":"https:\/\/afrocaribbeanbeats.com\/en\/wp-json\/wp\/v2\/media?parent=243"}],"wp:term":[{"taxonomy":"category","embeddable":true,"href":"https:\/\/afrocaribbeanbeats.com\/en\/wp-json\/wp\/v2\/categories?post=243"},{"taxonomy":"post_tag","embeddable":true,"href":"https:\/\/afrocaribbeanbeats.com\/en\/wp-json\/wp\/v2\/tags?post=243"},{"taxonomy":"annee","embeddable":true,"href":"https:\/\/afrocaribbeanbeats.com\/en\/wp-json\/wp\/v2\/annee?post=243"},{"taxonomy":"pays","embeddable":true,"href":"https:\/\/afrocaribbeanbeats.com\/en\/wp-json\/wp\/v2\/pays?post=243"},{"taxonomy":"musicien","embeddable":true,"href":"https:\/\/afrocaribbeanbeats.com\/en\/wp-json\/wp\/v2\/musicien?post=243"},{"taxonomy":"genre","embeddable":true,"href":"https:\/\/afrocaribbeanbeats.com\/en\/wp-json\/wp\/v2\/genre?post=243"}],"curies":[{"name":"wp","href":"https:\/\/api.w.org\/{rel}","templated":true}]}}