{"id":1818,"date":"2022-02-07T14:58:00","date_gmt":"2022-02-07T14:58:00","guid":{"rendered":"https:\/\/insta.bananierbleu.fr\/?p=1818"},"modified":"2025-01-29T10:02:36","modified_gmt":"2025-01-29T09:02:36","slug":"chants-et-dans-de-la-foret-centre-africaine-1967","status":"publish","type":"post","link":"https:\/\/afrocaribbeanbeats.com\/en\/chants-et-dans-de-la-foret-centre-africaine-1967\/","title":{"rendered":"Musiques Africaines &#8211; Chants et danses de la for\u00eat centre-africaine, 1967"},"content":{"rendered":"<p>Le grand ethnologue <strong>Simha Arom<\/strong> avait \u00e9t\u00e9 envoy\u00e9 en Centrafrique pour y monter une fanfare militaire en 1963. Il y sera surtout fascin\u00e9 par les musiques traditionnelles locales et consacrera sa vie \u00e0 leur reconnaissance. Ces \u00ab\u00a0<strong>Chants et Danses de la For\u00eat Centre-Africaine<\/strong>\u00a0\u00bb sont le premier enregistrement qu&rsquo;en fera en 1967 le directeur de recherche au CNRS (91 ans aujourd&rsquo;hui\u2026). Ses recherches sur les polyphonies et polyrythmies des Pygm\u00e9es Aka ont r\u00e9volutionn\u00e9 notre compr\u00e9hension des musiques d&rsquo;Afrique centrale. Gr\u00e2ce \u00e0 une technique d&rsquo;enregistrement novatrice qu&rsquo;il d\u00e9veloppa lui-m\u00eame, il put d\u00e9composer ces structures musicales complexes et d\u00e9montrer leur sophistication math\u00e9matique. La lumi\u00e8re mise ici permet de valider que d\u00e9finitivement \u00ab\u00a0rien ne se cr\u00e9e, rien ne se perd, tout se transforme\u00a0\u00bb. Les boucles rythmiques, les harmonies, les motifs, les structures chant-r\u00e9ponse, se retrouvent dans les musiques traditionnelles carib\u00e9ennes et pourraient sans exception \u00eatre sampl\u00e9es dans les musiques actuelles qui en d\u00e9rivent. Ces enregistrements historiques, r\u00e9alis\u00e9s sur le terrain avec un mat\u00e9riel rudimentaire, ont document\u00e9 des traditions vocales et instrumentales uniques, incluant les xylophones banda linda et les trompes banda gbambiya. Sur le sujet, je sugg\u00e8re la (re)lecture du r\u00e9cent ouvrage de Gino Sitson \u00ab\u00a0Santiman et lokans dans le Gwoka\u00a0\u00bb qui comporte un volet historique particuli\u00e8rement \u00e9clairant.<\/p>","protected":false},"excerpt":{"rendered":"<p>Le grand ethnologue Simha Arom avait \u00e9t\u00e9 envoy\u00e9 en Centrafrique pour y monter une fanfare militaire en 1963. Il y sera surtout fascin\u00e9 par les musiques traditionnelles locales et consacrera sa vie \u00e0 leur reconnaissance. Ces \u00ab\u00a0Chants et Danses de la For\u00eat Centre-Africaine\u00a0\u00bb sont le premier enregistrement qu&rsquo;en fera en 1967 le directeur de recherche [&hellip;]<\/p>\n","protected":false},"author":1,"featured_media":1819,"comment_status":"open","ping_status":"open","sticky":false,"template":"","format":"standard","meta":{"_acf_changed":false,"_uag_custom_page_level_css":"","site-sidebar-layout":"default","site-content-layout":"","ast-site-content-layout":"default","site-content-style":"default","site-sidebar-style":"default","ast-global-header-display":"","ast-banner-title-visibility":"","ast-main-header-display":"","ast-hfb-above-header-display":"","ast-hfb-below-header-display":"","ast-hfb-mobile-header-display":"","site-post-title":"","ast-breadcrumbs-content":"","ast-featured-img":"","footer-sml-layout":"","ast-disable-related-posts":"","theme-transparent-header-meta":"","adv-header-id-meta":"","stick-header-meta":"","header-above-stick-meta":"","header-main-stick-meta":"","header-below-stick-meta":"","astra-migrate-meta-layouts":"set","ast-page-background-enabled":"default","ast-page-background-meta":{"desktop":{"background-color":"var(--ast-global-color-4)","background-image":"","background-repeat":"repeat","background-position":"center center","background-size":"auto","background-attachment":"scroll","background-type":"","background-media":"","overlay-type":"","overlay-color":"","overlay-opacity":"","overlay-gradient":""},"tablet":{"background-color":"","background-image":"","background-repeat":"repeat","background-position":"center center","background-size":"auto","background-attachment":"scroll","background-type":"","background-media":"","overlay-type":"","overlay-color":"","overlay-opacity":"","overlay-gradient":""},"mobile":{"background-color":"","background-image":"","background-repeat":"repeat","background-position":"center center","background-size":"auto","background-attachment":"scroll","background-type":"","background-media":"","overlay-type":"","overlay-color":"","overlay-opacity":"","overlay-gradient":""}},"ast-content-background-meta":{"desktop":{"background-color":"var(--ast-global-color-5)","background-image":"","background-repeat":"repeat","background-position":"center center","background-size":"auto","background-attachment":"scroll","background-type":"","background-media":"","overlay-type":"","overlay-color":"","overlay-opacity":"","overlay-gradient":""},"tablet":{"background-color":"var(--ast-global-color-5)","background-image":"","background-repeat":"repeat","background-position":"center center","background-size":"auto","background-attachment":"scroll","background-type":"","background-media":"","overlay-type":"","overlay-color":"","overlay-opacity":"","overlay-gradient":""},"mobile":{"background-color":"var(--ast-global-color-5)","background-image":"","background-repeat":"repeat","background-position":"center center","background-size":"auto","background-attachment":"scroll","background-type":"","background-media":"","overlay-type":"","overlay-color":"","overlay-opacity":"","overlay-gradient":""}},"footnotes":""},"categories":[1171,913,1156],"tags":[1320,1324,1323],"annee":[813],"pays":[131,1326],"musicien":[3059],"genre":[4173,3826,3773],"class_list":["post-1818","post","type-post","status-publish","format-standard","has-post-thumbnail","hentry","category-33rpm","category-disque","category-vinyl","tag-ethnomusicology","tag-harmoniamundi","tag-oubanguichari","annee-813","pays-afrique","pays-republique-centrafricaine","musicien-simha-arom","genre-polyphonies","genre-pygmy-music","genre-roots-music"],"acf":[],"uagb_featured_image_src":{"full":["https:\/\/afrocaribbeanbeats.com\/wp-content\/uploads\/2023\/07\/MusiquesAfricaines-01.jpg",1440,1440,false],"thumbnail":["https:\/\/afrocaribbeanbeats.com\/wp-content\/uploads\/2023\/07\/MusiquesAfricaines-01-150x150.jpg",150,150,true],"medium":["https:\/\/afrocaribbeanbeats.com\/wp-content\/uploads\/2023\/07\/MusiquesAfricaines-01-300x300.jpg",300,300,true],"medium_large":["https:\/\/afrocaribbeanbeats.com\/wp-content\/uploads\/2023\/07\/MusiquesAfricaines-01-768x768.jpg",768,768,true],"large":["https:\/\/afrocaribbeanbeats.com\/wp-content\/uploads\/2023\/07\/MusiquesAfricaines-01-1024x1024.jpg",1024,1024,true],"1536x1536":["https:\/\/afrocaribbeanbeats.com\/wp-content\/uploads\/2023\/07\/MusiquesAfricaines-01.jpg",1440,1440,false],"2048x2048":["https:\/\/afrocaribbeanbeats.com\/wp-content\/uploads\/2023\/07\/MusiquesAfricaines-01.jpg",1440,1440,false],"trp-custom-language-flag":["https:\/\/afrocaribbeanbeats.com\/wp-content\/uploads\/2023\/07\/MusiquesAfricaines-01-12x12.jpg",12,12,true],"yarpp-thumbnail":["https:\/\/afrocaribbeanbeats.com\/wp-content\/uploads\/2023\/07\/MusiquesAfricaines-01-120x120.jpg",120,120,true]},"uagb_author_info":{"display_name":"le Bananier bleu","author_link":"https:\/\/afrocaribbeanbeats.com\/en\/author\/christophe971_dmw217xi\/"},"uagb_comment_info":0,"uagb_excerpt":"Le grand ethnologue Simha Arom avait \u00e9t\u00e9 envoy\u00e9 en Centrafrique pour y monter une fanfare militaire en 1963. Il y sera surtout fascin\u00e9 par les musiques traditionnelles locales et consacrera sa vie \u00e0 leur reconnaissance. Ces \u00ab\u00a0Chants et Danses de la For\u00eat Centre-Africaine\u00a0\u00bb sont le premier enregistrement qu&rsquo;en fera en 1967 le directeur de recherche&hellip;","_links":{"self":[{"href":"https:\/\/afrocaribbeanbeats.com\/en\/wp-json\/wp\/v2\/posts\/1818","targetHints":{"allow":["GET"]}}],"collection":[{"href":"https:\/\/afrocaribbeanbeats.com\/en\/wp-json\/wp\/v2\/posts"}],"about":[{"href":"https:\/\/afrocaribbeanbeats.com\/en\/wp-json\/wp\/v2\/types\/post"}],"author":[{"embeddable":true,"href":"https:\/\/afrocaribbeanbeats.com\/en\/wp-json\/wp\/v2\/users\/1"}],"replies":[{"embeddable":true,"href":"https:\/\/afrocaribbeanbeats.com\/en\/wp-json\/wp\/v2\/comments?post=1818"}],"version-history":[{"count":5,"href":"https:\/\/afrocaribbeanbeats.com\/en\/wp-json\/wp\/v2\/posts\/1818\/revisions"}],"predecessor-version":[{"id":6897,"href":"https:\/\/afrocaribbeanbeats.com\/en\/wp-json\/wp\/v2\/posts\/1818\/revisions\/6897"}],"wp:featuredmedia":[{"embeddable":true,"href":"https:\/\/afrocaribbeanbeats.com\/en\/wp-json\/wp\/v2\/media\/1819"}],"wp:attachment":[{"href":"https:\/\/afrocaribbeanbeats.com\/en\/wp-json\/wp\/v2\/media?parent=1818"}],"wp:term":[{"taxonomy":"category","embeddable":true,"href":"https:\/\/afrocaribbeanbeats.com\/en\/wp-json\/wp\/v2\/categories?post=1818"},{"taxonomy":"post_tag","embeddable":true,"href":"https:\/\/afrocaribbeanbeats.com\/en\/wp-json\/wp\/v2\/tags?post=1818"},{"taxonomy":"annee","embeddable":true,"href":"https:\/\/afrocaribbeanbeats.com\/en\/wp-json\/wp\/v2\/annee?post=1818"},{"taxonomy":"pays","embeddable":true,"href":"https:\/\/afrocaribbeanbeats.com\/en\/wp-json\/wp\/v2\/pays?post=1818"},{"taxonomy":"musicien","embeddable":true,"href":"https:\/\/afrocaribbeanbeats.com\/en\/wp-json\/wp\/v2\/musicien?post=1818"},{"taxonomy":"genre","embeddable":true,"href":"https:\/\/afrocaribbeanbeats.com\/en\/wp-json\/wp\/v2\/genre?post=1818"}],"curies":[{"name":"wp","href":"https:\/\/api.w.org\/{rel}","templated":true}]}}