{"id":1664,"date":"2022-02-11T12:58:00","date_gmt":"2022-02-11T12:58:00","guid":{"rendered":"https:\/\/insta.bananierbleu.fr\/?p=1664"},"modified":"2025-06-12T22:18:52","modified_gmt":"2025-06-12T20:18:52","slug":"noche-azul-aquellos-ojos-verdes-antonio-machin-1958","status":"publish","type":"post","link":"https:\/\/afrocaribbeanbeats.com\/en\/noche-azul-aquellos-ojos-verdes-antonio-machin-1958\/","title":{"rendered":"Noche Azul \/ Aquellos Ojos Verdes &#8211; Antonio Mach\u00edn, 1958"},"content":{"rendered":"<p>N\u00e9 un 11 f\u00e9vrier. C\u2019est en 1903 \u00e0 Cuba que le chanteur <strong>Antonio Mach\u00edn<\/strong> voit le jour. Il fera cependant l\u2019essentiel de sa carri\u00e8re en Europe et surtout en Espagne, o\u00f9 il rendit c\u00e9l\u00e8bre le bol\u00e9ro Dos Gard\u00e9nias gr\u00e2ce \u00e0 son interpr\u00e9tation. Sur ce petit EP de 1958, un mix de cha-cha (<strong>Noche Azul, Aquellos Ojos Verdes<\/strong>) et de bol\u00e9ro (Amor Ciego, Plegaria) cisel\u00e9s avec amour. Il s\u2019est \u00e9teint \u00e0 Madrid en 1977 et une statue lui a \u00e9t\u00e9 \u00e9rig\u00e9e \u00e0 S\u00e9ville o\u00f9 il r\u00e9sidait.<\/p>","protected":false},"excerpt":{"rendered":"<p>N\u00e9 un 11 f\u00e9vrier. C\u2019est en 1903 \u00e0 Cuba que le chanteur Antonio Mach\u00edn voit le jour. Il fera cependant l\u2019essentiel de sa carri\u00e8re en Europe et surtout en Espagne, o\u00f9 il rendit c\u00e9l\u00e8bre le bol\u00e9ro Dos Gard\u00e9nias gr\u00e2ce \u00e0 son interpr\u00e9tation. Sur ce petit EP de 1958, un mix de cha-cha (Noche Azul, Aquellos [&hellip;]<\/p>\n","protected":false},"author":1,"featured_media":1665,"comment_status":"open","ping_status":"open","sticky":false,"template":"","format":"standard","meta":{"_acf_changed":false,"_uag_custom_page_level_css":"","site-sidebar-layout":"default","site-content-layout":"","ast-site-content-layout":"default","site-content-style":"default","site-sidebar-style":"default","ast-global-header-display":"","ast-banner-title-visibility":"","ast-main-header-display":"","ast-hfb-above-header-display":"","ast-hfb-below-header-display":"","ast-hfb-mobile-header-display":"","site-post-title":"","ast-breadcrumbs-content":"","ast-featured-img":"","footer-sml-layout":"","ast-disable-related-posts":"","theme-transparent-header-meta":"","adv-header-id-meta":"","stick-header-meta":"","header-above-stick-meta":"","header-main-stick-meta":"","header-below-stick-meta":"","astra-migrate-meta-layouts":"set","ast-page-background-enabled":"default","ast-page-background-meta":{"desktop":{"background-color":"var(--ast-global-color-4)","background-image":"","background-repeat":"repeat","background-position":"center center","background-size":"auto","background-attachment":"scroll","background-type":"","background-media":"","overlay-type":"","overlay-color":"","overlay-opacity":"","overlay-gradient":""},"tablet":{"background-color":"","background-image":"","background-repeat":"repeat","background-position":"center center","background-size":"auto","background-attachment":"scroll","background-type":"","background-media":"","overlay-type":"","overlay-color":"","overlay-opacity":"","overlay-gradient":""},"mobile":{"background-color":"","background-image":"","background-repeat":"repeat","background-position":"center center","background-size":"auto","background-attachment":"scroll","background-type":"","background-media":"","overlay-type":"","overlay-color":"","overlay-opacity":"","overlay-gradient":""}},"ast-content-background-meta":{"desktop":{"background-color":"var(--ast-global-color-5)","background-image":"","background-repeat":"repeat","background-position":"center center","background-size":"auto","background-attachment":"scroll","background-type":"","background-media":"","overlay-type":"","overlay-color":"","overlay-opacity":"","overlay-gradient":""},"tablet":{"background-color":"var(--ast-global-color-5)","background-image":"","background-repeat":"repeat","background-position":"center center","background-size":"auto","background-attachment":"scroll","background-type":"","background-media":"","overlay-type":"","overlay-color":"","overlay-opacity":"","overlay-gradient":""},"mobile":{"background-color":"var(--ast-global-color-5)","background-image":"","background-repeat":"repeat","background-position":"center center","background-size":"auto","background-attachment":"scroll","background-type":"","background-media":"","overlay-type":"","overlay-color":"","overlay-opacity":"","overlay-gradient":""}},"footnotes":""},"categories":[1161,1162,1206,913,1156],"tags":[2340,354],"annee":[1203],"pays":[132,402,1204],"musicien":[2496],"genre":[3786,3787],"class_list":["post-1664","post","type-post","status-publish","format-standard","has-post-thumbnail","hentry","category-45rpm","category-1162","category-ep","category-disque","category-vinyl","tag-disques-odeon","tag-normandigging","annee-1203","pays-caraibe","pays-cuba","pays-espagne","musicien-antonio-machin","genre-bolero","genre-cha-cha"],"acf":[],"uagb_featured_image_src":{"full":["https:\/\/afrocaribbeanbeats.com\/wp-content\/uploads\/2023\/07\/Antonio_Machin-01.jpg",1440,1440,false],"thumbnail":["https:\/\/afrocaribbeanbeats.com\/wp-content\/uploads\/2023\/07\/Antonio_Machin-01-150x150.jpg",150,150,true],"medium":["https:\/\/afrocaribbeanbeats.com\/wp-content\/uploads\/2023\/07\/Antonio_Machin-01-300x300.jpg",300,300,true],"medium_large":["https:\/\/afrocaribbeanbeats.com\/wp-content\/uploads\/2023\/07\/Antonio_Machin-01-768x768.jpg",768,768,true],"large":["https:\/\/afrocaribbeanbeats.com\/wp-content\/uploads\/2023\/07\/Antonio_Machin-01-1024x1024.jpg",1024,1024,true],"1536x1536":["https:\/\/afrocaribbeanbeats.com\/wp-content\/uploads\/2023\/07\/Antonio_Machin-01.jpg",1440,1440,false],"2048x2048":["https:\/\/afrocaribbeanbeats.com\/wp-content\/uploads\/2023\/07\/Antonio_Machin-01.jpg",1440,1440,false],"trp-custom-language-flag":["https:\/\/afrocaribbeanbeats.com\/wp-content\/uploads\/2023\/07\/Antonio_Machin-01-12x12.jpg",12,12,true],"yarpp-thumbnail":["https:\/\/afrocaribbeanbeats.com\/wp-content\/uploads\/2023\/07\/Antonio_Machin-01-120x120.jpg",120,120,true]},"uagb_author_info":{"display_name":"le Bananier bleu","author_link":"https:\/\/afrocaribbeanbeats.com\/en\/author\/christophe971_dmw217xi\/"},"uagb_comment_info":0,"uagb_excerpt":"N\u00e9 un 11 f\u00e9vrier. C\u2019est en 1903 \u00e0 Cuba que le chanteur Antonio Mach\u00edn voit le jour. Il fera cependant l\u2019essentiel de sa carri\u00e8re en Europe et surtout en Espagne, o\u00f9 il rendit c\u00e9l\u00e8bre le bol\u00e9ro Dos Gard\u00e9nias gr\u00e2ce \u00e0 son interpr\u00e9tation. Sur ce petit EP de 1958, un mix de cha-cha (Noche Azul, Aquellos&hellip;","_links":{"self":[{"href":"https:\/\/afrocaribbeanbeats.com\/en\/wp-json\/wp\/v2\/posts\/1664","targetHints":{"allow":["GET"]}}],"collection":[{"href":"https:\/\/afrocaribbeanbeats.com\/en\/wp-json\/wp\/v2\/posts"}],"about":[{"href":"https:\/\/afrocaribbeanbeats.com\/en\/wp-json\/wp\/v2\/types\/post"}],"author":[{"embeddable":true,"href":"https:\/\/afrocaribbeanbeats.com\/en\/wp-json\/wp\/v2\/users\/1"}],"replies":[{"embeddable":true,"href":"https:\/\/afrocaribbeanbeats.com\/en\/wp-json\/wp\/v2\/comments?post=1664"}],"version-history":[{"count":5,"href":"https:\/\/afrocaribbeanbeats.com\/en\/wp-json\/wp\/v2\/posts\/1664\/revisions"}],"predecessor-version":[{"id":7598,"href":"https:\/\/afrocaribbeanbeats.com\/en\/wp-json\/wp\/v2\/posts\/1664\/revisions\/7598"}],"wp:featuredmedia":[{"embeddable":true,"href":"https:\/\/afrocaribbeanbeats.com\/en\/wp-json\/wp\/v2\/media\/1665"}],"wp:attachment":[{"href":"https:\/\/afrocaribbeanbeats.com\/en\/wp-json\/wp\/v2\/media?parent=1664"}],"wp:term":[{"taxonomy":"category","embeddable":true,"href":"https:\/\/afrocaribbeanbeats.com\/en\/wp-json\/wp\/v2\/categories?post=1664"},{"taxonomy":"post_tag","embeddable":true,"href":"https:\/\/afrocaribbeanbeats.com\/en\/wp-json\/wp\/v2\/tags?post=1664"},{"taxonomy":"annee","embeddable":true,"href":"https:\/\/afrocaribbeanbeats.com\/en\/wp-json\/wp\/v2\/annee?post=1664"},{"taxonomy":"pays","embeddable":true,"href":"https:\/\/afrocaribbeanbeats.com\/en\/wp-json\/wp\/v2\/pays?post=1664"},{"taxonomy":"musicien","embeddable":true,"href":"https:\/\/afrocaribbeanbeats.com\/en\/wp-json\/wp\/v2\/musicien?post=1664"},{"taxonomy":"genre","embeddable":true,"href":"https:\/\/afrocaribbeanbeats.com\/en\/wp-json\/wp\/v2\/genre?post=1664"}],"curies":[{"name":"wp","href":"https:\/\/api.w.org\/{rel}","templated":true}]}}